{"id":910,"date":"2025-11-11T17:46:00","date_gmt":"2025-11-11T23:46:00","guid":{"rendered":"https:\/\/www.extratamaulipas.com\/Home\/?p=910"},"modified":"2025-11-25T14:47:46","modified_gmt":"2025-11-25T20:47:46","slug":"el-gobierno-del-estado-inaugura-con-exito-el-festival-tamaulipas-lee-en-nuevo-laredo-primera-de-cinco-sedes","status":"publish","type":"post","link":"https:\/\/www.extratamaulipas.com\/Home\/politica\/el-gobierno-del-estado-inaugura-con-exito-el-festival-tamaulipas-lee-en-nuevo-laredo-primera-de-cinco-sedes\/","title":{"rendered":"El Gobierno del Estado inaugura con \u00e9xito el Festival Tamaulipas LEE en Nuevo Laredo: primera de cinco sedes"},"content":{"rendered":"\n<p>Nuevo Laredo, Tamaulipas.- Con un despliegue de actividades enfocadas a difundir la literatura tamaulipeca, adem\u00e1s de propiciar espacios para el fomento a la lectura y la creaci\u00f3n literaria en todas las edades, el Festival Tamaulipas LEE, se inaugur\u00f3 este lunes 10 de noviembre, teniendo como primera sede el municipio de Nuevo Laredo.<\/p>\n\n\n\n<p>\u00abGarantizar el derecho de las tamaulipecas y tamaulipecos a ser parte activa de la cultura escrita es uno de los principales compromisos del gobernador Am\u00e9rico Villarreal, el cual han asumido con responsabilidad tanto la doctora Silvia Casas, secretaria de Bienestar Social, como el maestro H\u00e9ctor Romero Lecanda, director general del Instituto Tamaulipeco para la Cultura y las Artes\u00bb, dijo durante el evento inaugural Julio Pesina, titular de la direcci\u00f3n de Publicaciones y Fomento Literario del ITCA.<\/p>\n\n\n\n<p>En la inauguraci\u00f3n estuvo acompa\u00f1ado por autoridades municipales del \u00e1mbito cultural; Felipe Flores, titular de la Direcci\u00f3n de Arte y Cultura de Nuevo Laredo y la regidora Macarena Gonz\u00e1lez, presidenta de la Comisi\u00f3n de Cultura del mismo ayuntamiento.<\/p>\n\n\n\n<p>\u00abParticipar en la cultura escrita supone la apropiaci\u00f3n de una tradici\u00f3n de lectura y escritura, y significa tambi\u00e9n cultivar la oralidad para expresarnos, para narrarnos, para construir identidad personal y cultural\u00bb, dijo Pesina.<\/p>\n\n\n\n<p>\u00abHoy en el Festival Tamaulipas LEE se conjuntan lectura, escritura y oralidad, lo inauguramos con gran entusiasmo en esta hermosa ciudad y no es casualidad que lo celebremos en torno al D\u00eda Nacional del Libro\u00bb, puntualiz\u00f3.<\/p>\n","protected":false},"excerpt":{"rendered":"<p>Nuevo Laredo, Tamaulipas.- Con un despliegue de actividades enfocadas a difundir la literatura tamaulipeca, adem\u00e1s de propiciar espacios para el fomento a la lectura y la creaci\u00f3n literaria en todas&hellip; <\/p>\n","protected":false},"author":1,"featured_media":911,"comment_status":"open","ping_status":"open","sticky":false,"template":"","format":"standard","meta":{"footnotes":""},"categories":[1],"tags":[],"class_list":["post-910","post","type-post","status-publish","format-standard","has-post-thumbnail","hentry","category-politica"],"_links":{"self":[{"href":"https:\/\/www.extratamaulipas.com\/Home\/wp-json\/wp\/v2\/posts\/910","targetHints":{"allow":["GET"]}}],"collection":[{"href":"https:\/\/www.extratamaulipas.com\/Home\/wp-json\/wp\/v2\/posts"}],"about":[{"href":"https:\/\/www.extratamaulipas.com\/Home\/wp-json\/wp\/v2\/types\/post"}],"author":[{"embeddable":true,"href":"https:\/\/www.extratamaulipas.com\/Home\/wp-json\/wp\/v2\/users\/1"}],"replies":[{"embeddable":true,"href":"https:\/\/www.extratamaulipas.com\/Home\/wp-json\/wp\/v2\/comments?post=910"}],"version-history":[{"count":1,"href":"https:\/\/www.extratamaulipas.com\/Home\/wp-json\/wp\/v2\/posts\/910\/revisions"}],"predecessor-version":[{"id":912,"href":"https:\/\/www.extratamaulipas.com\/Home\/wp-json\/wp\/v2\/posts\/910\/revisions\/912"}],"wp:featuredmedia":[{"embeddable":true,"href":"https:\/\/www.extratamaulipas.com\/Home\/wp-json\/wp\/v2\/media\/911"}],"wp:attachment":[{"href":"https:\/\/www.extratamaulipas.com\/Home\/wp-json\/wp\/v2\/media?parent=910"}],"wp:term":[{"taxonomy":"category","embeddable":true,"href":"https:\/\/www.extratamaulipas.com\/Home\/wp-json\/wp\/v2\/categories?post=910"},{"taxonomy":"post_tag","embeddable":true,"href":"https:\/\/www.extratamaulipas.com\/Home\/wp-json\/wp\/v2\/tags?post=910"}],"curies":[{"name":"wp","href":"https:\/\/api.w.org\/{rel}","templated":true}]}}