{"id":2687,"date":"2026-08-27T11:36:46","date_gmt":"2026-08-27T17:36:46","guid":{"rendered":"https:\/\/www.extratamaulipas.com\/Home\/?p=2687"},"modified":"2026-08-28T11:37:20","modified_gmt":"2026-08-28T17:37:20","slug":"presenta-sabg-ganadores-del-vi-premio-estatal-de-contraloria-social","status":"publish","type":"post","link":"https:\/\/www.extratamaulipas.com\/Home\/politica\/presenta-sabg-ganadores-del-vi-premio-estatal-de-contraloria-social\/","title":{"rendered":"Presenta SABG ganadores del VI Premio Estatal de Contralor\u00eda Social"},"content":{"rendered":"\n<p class=\"wp-block-paragraph\">El Gobierno del Estado de Tamaulipas, a trav\u00e9s de la Secretar\u00eda Anticorrupci\u00f3n y Buen Gobierno, a cargo de Norma Ang\u00e9lica Pedraza Melo y de la Direcci\u00f3n de Auditor\u00eda a Obra P\u00fablica, en cumplimiento con la convocatoria oficial del VI Premio Estatal de Contralor\u00eda Social da a conocer los resultados del certamen, cumpliendo con la transparencia y rendici\u00f3n de cuentas.<\/p>\n\n\n\n<p class=\"wp-block-paragraph\">Luis Edmundo L\u00f3pez V\u00e1zquez, director de Auditor\u00eda a Obra P\u00fablica, inform\u00f3 que desde 2019 no recib\u00edan propuestas y que, en 2026, se registr\u00f3 una participaci\u00f3n distribuida en dos categor\u00edas. En la primera de ellas, denominada \u201cAcciones de los Comit\u00e9s\u201d, se presentaron dos trabajos enfocados en el seguimiento y supervisi\u00f3n comunitaria; mientras que en la Segunda Categor\u00eda, \u201cAcciones de Vigilancia Ciudadana en la Gesti\u00f3n P\u00fablica\u201d, se inscribieron tres proyectos orientados al fortalecimiento del control social.<\/p>\n\n\n\n<p class=\"wp-block-paragraph\">Para este a\u00f1o los ganadores son: Primera Categor\u00eda: \u00abAcciones de los Comit\u00e9s\u00bb<br>Primer lugar: El viaje de la USAER 85j en el ciclo 25-26, Nombre del comit\u00e9: 28 PFSEE-28FUA0085J-SP-C1.<\/p>\n\n\n\n<p class=\"wp-block-paragraph\">Segunda Categor\u00eda: \u00abAcciones de Vigilancia Ciudadana en la Gesti\u00f3n P\u00fablica\u00bb Primer lugar: Gu\u00eda pr\u00e1ctica de orientaci\u00f3n para beneficiarios de \u00abProgramas Financiados con Recursos P\u00fablicos, Seud\u00f3nimo: Cl\u00edo. Segundo lugar: Del papel a la comunidad, seud\u00f3nimo: El Doc.<\/p>\n\n\n\n<p class=\"wp-block-paragraph\">El pr\u00f3ximo 21 de septiembre de 2026 se llevara a cabo una ceremonia para entregar los premios y reconocimientos a los ganadores de cada una de las dos categor\u00edas.<\/p>\n\n\n\n<p class=\"wp-block-paragraph\">A trav\u00e9s de estas acciones se fortalece una cultura de vigilancia activa y comunitaria en la aplicaci\u00f3n de los recursos p\u00fablicos, como lo establece el Eje I, \u201cUn gobierno al servicio del pueblo\u201d, del Plan Estatal de Desarrollo 2023-2028, impulsado por gobernador Am\u00e9rico Villarreal Anaya.<\/p>\n\n\n\n<figure class=\"wp-block-image\"><a href=\"https:\/\/tamaulipas.gob.mx\/wp-content\/uploads\/2026\/08\/SABG-057-2026.-Presenta-SABG-ganadores-del-VI-Premio-Estatal-de-Contraloria-Social.jpeg\"><img decoding=\"async\" src=\"https:\/\/tamaulipas.gob.mx\/wp-content\/uploads\/2026\/08\/SABG-057-2026.-Presenta-SABG-ganadores-del-VI-Premio-Estatal-de-Contraloria-Social-850x500.jpeg\" alt=\"\"\/><\/a><\/figure>\n","protected":false},"excerpt":{"rendered":"<p>El Gobierno del Estado de Tamaulipas, a trav\u00e9s de la Secretar\u00eda Anticorrupci\u00f3n y Buen Gobierno, a cargo de Norma Ang\u00e9lica Pedraza Melo y de la Direcci\u00f3n de Auditor\u00eda a Obra&hellip; <\/p>\n","protected":false},"author":1,"featured_media":2690,"comment_status":"open","ping_status":"open","sticky":false,"template":"","format":"standard","meta":{"fifu_image_url":"https:\/\/tamaulipas.gob.mx\/wp-content\/uploads\/2026\/08\/SABG-057-2026.-Presenta-SABG-ganadores-del-VI-Premio-Estatal-de-Contraloria-Social-850x500.jpeg","fifu_image_alt":"","footnotes":""},"categories":[1],"tags":[],"class_list":["post-2687","post","type-post","status-publish","format-standard","has-post-thumbnail","hentry","category-politica"],"_links":{"self":[{"href":"https:\/\/www.extratamaulipas.com\/Home\/wp-json\/wp\/v2\/posts\/2687","targetHints":{"allow":["GET"]}}],"collection":[{"href":"https:\/\/www.extratamaulipas.com\/Home\/wp-json\/wp\/v2\/posts"}],"about":[{"href":"https:\/\/www.extratamaulipas.com\/Home\/wp-json\/wp\/v2\/types\/post"}],"author":[{"embeddable":true,"href":"https:\/\/www.extratamaulipas.com\/Home\/wp-json\/wp\/v2\/users\/1"}],"replies":[{"embeddable":true,"href":"https:\/\/www.extratamaulipas.com\/Home\/wp-json\/wp\/v2\/comments?post=2687"}],"version-history":[{"count":1,"href":"https:\/\/www.extratamaulipas.com\/Home\/wp-json\/wp\/v2\/posts\/2687\/revisions"}],"predecessor-version":[{"id":2689,"href":"https:\/\/www.extratamaulipas.com\/Home\/wp-json\/wp\/v2\/posts\/2687\/revisions\/2689"}],"wp:attachment":[{"href":"https:\/\/www.extratamaulipas.com\/Home\/wp-json\/wp\/v2\/media?parent=2687"}],"wp:term":[{"taxonomy":"category","embeddable":true,"href":"https:\/\/www.extratamaulipas.com\/Home\/wp-json\/wp\/v2\/categories?post=2687"},{"taxonomy":"post_tag","embeddable":true,"href":"https:\/\/www.extratamaulipas.com\/Home\/wp-json\/wp\/v2\/tags?post=2687"}],"curies":[{"name":"wp","href":"https:\/\/api.w.org\/{rel}","templated":true}]}}