{"id":2679,"date":"2026-08-26T11:33:17","date_gmt":"2026-08-26T17:33:17","guid":{"rendered":"https:\/\/www.extratamaulipas.com\/Home\/?p=2679"},"modified":"2026-08-28T11:33:48","modified_gmt":"2026-08-28T17:33:48","slug":"avanza-guardia-estatal-en-el-proceso-de-promocion-de-grados-2026","status":"publish","type":"post","link":"https:\/\/www.extratamaulipas.com\/Home\/politica\/avanza-guardia-estatal-en-el-proceso-de-promocion-de-grados-2026\/","title":{"rendered":"Avanza Guardia Estatal en el proceso de promoci\u00f3n de grados 2026"},"content":{"rendered":"\n<p class=\"wp-block-paragraph\">Como parte del Proceso de Promoci\u00f3n de Grados 2026, un total de 202 integrantes de la Guardia Estatal presenta la evaluaci\u00f3n de conocimientos para obtener el grado superior inmediato.<\/p>\n\n\n\n<p class=\"wp-block-paragraph\">La evaluaci\u00f3n se aplica durante tres d\u00edas h\u00e1biles en el Centro de C\u00f3mputo de la Universidad de Seguridad y Justicia de Tamaulipas (USJT), y participan \u00fanicamente quienes acreditaron previamente las evaluaciones m\u00e9dicas y f\u00edsicas.<\/p>\n\n\n\n<p class=\"wp-block-paragraph\">Con el prop\u00f3sito de garantizar un proceso transparente y equitativo, la aplicaci\u00f3n del examen es supervisada por personal de la Coordinaci\u00f3n General Jur\u00eddica y de Transparencia, la Coordinaci\u00f3n de Administraci\u00f3n, la Subsecretar\u00eda de Operaci\u00f3n de la Guardia Estatal, la Contralor\u00eda, la Direcci\u00f3n de Asuntos Internos y el Consejo de Desarrollo Policial.<\/p>\n\n\n\n<p class=\"wp-block-paragraph\">En esta etapa participan elementos de las distintas delegaciones regionales de la Guardia Estatal, fortaleciendo la igualdad de oportunidades para el personal operativo de todo el estado.<\/p>\n\n\n\n<p class=\"wp-block-paragraph\">\u201cEsta preparaci\u00f3n es constante para los integrantes y representa una exigencia de la Secretar\u00eda, para que se encuentren cada d\u00eda mejor preparados para sus ascensos de grado\u201d, expres\u00f3 el director del Consejo de Desarrollo Policial, Gerardo Rodr\u00edguez Granados.<\/p>\n\n\n\n<p class=\"wp-block-paragraph\">En cumplimiento de la instrucci\u00f3n del gobernador, Am\u00e9rico Villarreal Anaya, y del secretario de Seguridad P\u00fablica de Tamaulipas, Carlos Arturo Pancardo Escudero, este proceso fortalece la profesionalizaci\u00f3n policial y promueve el desarrollo de la carrera de las y los integrantes de la Guardia Estatal.<\/p>\n\n\n\n<figure class=\"wp-block-image\"><a href=\"https:\/\/tamaulipas.gob.mx\/wp-content\/uploads\/2026\/08\/SSP-252-2026.-Avanza-Guardia-Estatal-en-el-proceso-de-promocion-de-grados-2026-2.jpeg\"><img decoding=\"async\" src=\"https:\/\/tamaulipas.gob.mx\/wp-content\/uploads\/2026\/08\/SSP-252-2026.-Avanza-Guardia-Estatal-en-el-proceso-de-promocion-de-grados-2026-2-850x500.jpeg\" alt=\"\"\/><\/a><\/figure>\n\n\n\n<figure class=\"wp-block-image\"><a href=\"https:\/\/tamaulipas.gob.mx\/wp-content\/uploads\/2026\/08\/SSP-252-2026.-Avanza-Guardia-Estatal-en-el-proceso-de-promocion-de-grados-2026-3.jpeg\"><img decoding=\"async\" src=\"https:\/\/tamaulipas.gob.mx\/wp-content\/uploads\/2026\/08\/SSP-252-2026.-Avanza-Guardia-Estatal-en-el-proceso-de-promocion-de-grados-2026-3-850x500.jpeg\" alt=\"\"\/><\/a><\/figure>\n\n\n\n<figure class=\"wp-block-image\"><a href=\"https:\/\/tamaulipas.gob.mx\/wp-content\/uploads\/2026\/08\/SSP-252-2026.-Avanza-Guardia-Estatal-en-el-proceso-de-promocion-de-grados-2026-4.jpeg\"><img decoding=\"async\" src=\"https:\/\/tamaulipas.gob.mx\/wp-content\/uploads\/2026\/08\/SSP-252-2026.-Avanza-Guardia-Estatal-en-el-proceso-de-promocion-de-grados-2026-4-850x500.jpeg\" alt=\"\"\/><\/a><\/figure>\n\n\n\n<figure class=\"wp-block-image\"><a href=\"https:\/\/tamaulipas.gob.mx\/wp-content\/uploads\/2026\/08\/SSP-252-2026.-Avanza-Guardia-Estatal-en-el-proceso-de-promocion-de-grados-2026-5.jpeg\"><img decoding=\"async\" src=\"https:\/\/tamaulipas.gob.mx\/wp-content\/uploads\/2026\/08\/SSP-252-2026.-Avanza-Guardia-Estatal-en-el-proceso-de-promocion-de-grados-2026-5-850x500.jpeg\" alt=\"\"\/><\/a><\/figure>\n\n\n\n<figure class=\"wp-block-image\"><a href=\"https:\/\/tamaulipas.gob.mx\/wp-content\/uploads\/2026\/08\/SSP-252-2026.-Avanza-Guardia-Estatal-en-el-proceso-de-promocion-de-grados-2026-6.jpeg\"><img decoding=\"async\" src=\"https:\/\/tamaulipas.gob.mx\/wp-content\/uploads\/2026\/08\/SSP-252-2026.-Avanza-Guardia-Estatal-en-el-proceso-de-promocion-de-grados-2026-6-850x500.jpeg\" alt=\"\"\/><\/a><\/figure>\n\n\n\n<figure class=\"wp-block-image\"><a href=\"https:\/\/tamaulipas.gob.mx\/wp-content\/uploads\/2026\/08\/SSP-252-2026.-Avanza-Guardia-Estatal-en-el-proceso-de-promocion-de-grados-2026-7.jpeg\"><img decoding=\"async\" src=\"https:\/\/tamaulipas.gob.mx\/wp-content\/uploads\/2026\/08\/SSP-252-2026.-Avanza-Guardia-Estatal-en-el-proceso-de-promocion-de-grados-2026-7-850x500.jpeg\" alt=\"\"\/><\/a><\/figure>\n\n\n\n<figure class=\"wp-block-image\"><a href=\"https:\/\/tamaulipas.gob.mx\/wp-content\/uploads\/2026\/08\/SSP-252-2026.-Avanza-Guardia-Estatal-en-el-proceso-de-promocion-de-grados-2026-8.jpeg\"><img decoding=\"async\" src=\"https:\/\/tamaulipas.gob.mx\/wp-content\/uploads\/2026\/08\/SSP-252-2026.-Avanza-Guardia-Estatal-en-el-proceso-de-promocion-de-grados-2026-8-850x500.jpeg\" alt=\"\"\/><\/a><\/figure>\n","protected":false},"excerpt":{"rendered":"<p>Como parte del Proceso de Promoci\u00f3n de Grados 2026, un total de 202 integrantes de la Guardia Estatal presenta la evaluaci\u00f3n de conocimientos para obtener el grado superior inmediato. La&hellip; <\/p>\n","protected":false},"author":1,"featured_media":2682,"comment_status":"open","ping_status":"open","sticky":false,"template":"","format":"standard","meta":{"fifu_image_url":"https:\/\/tamaulipas.gob.mx\/wp-content\/uploads\/2026\/08\/SSP-252-2026.-Avanza-Guardia-Estatal-en-el-proceso-de-promocion-de-grados-2026-2-850x500.jpeg","fifu_image_alt":"","footnotes":""},"categories":[1],"tags":[],"class_list":["post-2679","post","type-post","status-publish","format-standard","has-post-thumbnail","hentry","category-politica"],"_links":{"self":[{"href":"https:\/\/www.extratamaulipas.com\/Home\/wp-json\/wp\/v2\/posts\/2679","targetHints":{"allow":["GET"]}}],"collection":[{"href":"https:\/\/www.extratamaulipas.com\/Home\/wp-json\/wp\/v2\/posts"}],"about":[{"href":"https:\/\/www.extratamaulipas.com\/Home\/wp-json\/wp\/v2\/types\/post"}],"author":[{"embeddable":true,"href":"https:\/\/www.extratamaulipas.com\/Home\/wp-json\/wp\/v2\/users\/1"}],"replies":[{"embeddable":true,"href":"https:\/\/www.extratamaulipas.com\/Home\/wp-json\/wp\/v2\/comments?post=2679"}],"version-history":[{"count":1,"href":"https:\/\/www.extratamaulipas.com\/Home\/wp-json\/wp\/v2\/posts\/2679\/revisions"}],"predecessor-version":[{"id":2681,"href":"https:\/\/www.extratamaulipas.com\/Home\/wp-json\/wp\/v2\/posts\/2679\/revisions\/2681"}],"wp:attachment":[{"href":"https:\/\/www.extratamaulipas.com\/Home\/wp-json\/wp\/v2\/media?parent=2679"}],"wp:term":[{"taxonomy":"category","embeddable":true,"href":"https:\/\/www.extratamaulipas.com\/Home\/wp-json\/wp\/v2\/categories?post=2679"},{"taxonomy":"post_tag","embeddable":true,"href":"https:\/\/www.extratamaulipas.com\/Home\/wp-json\/wp\/v2\/tags?post=2679"}],"curies":[{"name":"wp","href":"https:\/\/api.w.org\/{rel}","templated":true}]}}