{"id":2675,"date":"2026-08-26T11:30:59","date_gmt":"2026-08-26T17:30:59","guid":{"rendered":"https:\/\/www.extratamaulipas.com\/Home\/?p=2675"},"modified":"2026-08-28T11:31:43","modified_gmt":"2026-08-28T17:31:43","slug":"presenta-injuve-taller-espacio-creativo","status":"publish","type":"post","link":"https:\/\/www.extratamaulipas.com\/Home\/politica\/presenta-injuve-taller-espacio-creativo\/","title":{"rendered":"Presenta Injuve taller \u201cEspacio Creativo\u201d"},"content":{"rendered":"\n<p class=\"wp-block-paragraph\">En el marco del Mes de la Juventud, el Instituto de la Juventud de Tamaulipas (INJUVE), en colaboraci\u00f3n con el Instituto Tamaulipeco para la Cultura y las Artes (ITCA), realiz\u00f3 con \u00e9xito el taller \u201cEspacio Creativo\u201d en la Casa del Arte de Ciudad Victoria. El encuentro ofreci\u00f3 un entorno seguro y enriquecedor para que las juventudes expresaran sus sentimientos, fortalecieran su bienestar y desarrollaran habilidades creativas mediante la psicolog\u00eda del color y la arteterapia.<\/p>\n\n\n\n<p class=\"wp-block-paragraph\">La jornada incluy\u00f3 una sesi\u00f3n sobre el impacto de las emociones y su representaci\u00f3n crom\u00e1tica impartida por un especialista, la creaci\u00f3n de una pieza art\u00edstica individual, un espacio de convivencia y una din\u00e1mica de relajaci\u00f3n progresiva para concluir la actividad.<\/p>\n\n\n\n<p class=\"wp-block-paragraph\">Durante el acto protocolario, \u00d3scar Azael Rodr\u00edguez Perales, director general del INJUVE, destac\u00f3 que el objetivo fundamental es brindar a las y los j\u00f3venes herramientas reales para gestionar sus emociones, utilizando el arte como una v\u00eda para cuidar la salud mental e impulsarlos a asumir un rol activo en sus comunidades.<\/p>\n\n\n\n<p class=\"wp-block-paragraph\">Al combinar la teor\u00eda y la pr\u00e1ctica, el taller promovi\u00f3 estilos de vida sostenibles y ambientes libres de violencia. Con ello, las autoridades estatales consolidan un modelo de atenci\u00f3n integral que utiliza la expresi\u00f3n art\u00edstica para fomentar la cohesi\u00f3n social y la prevenci\u00f3n en entornos educativos y familiares.<\/p>\n\n\n\n<p class=\"wp-block-paragraph\">Esta acci\u00f3n respalda la visi\u00f3n del gobernador Am\u00e9rico Villarreal Anaya de colocar a la juventud en el centro de las pol\u00edticas de bienestar y cultura de paz, a trav\u00e9s del INJUVE, organismo perteneciente a la Secretar\u00eda del Trabajo y Previsi\u00f3n Social, encabezada por Luis Gerardo Illoldi Reyes, quien estuvo presente en el evento.<\/p>\n\n\n\n<p class=\"wp-block-paragraph\">Al encuentro asistieron tambi\u00e9n Geovanny Alain S\u00e1nchez L\u00f3pez, secretario t\u00e9cnico de la Mesa Estatal para la Construcci\u00f3n de Paz; Valeria Lizeth Reyna Briones, directora de la Casa del Arte; Nabil Yessenia Mart\u00ednez Ruiz, coordinadora de Psicolog\u00eda de Centros, Parques y Unidades de la Secretar\u00eda de Bienestar Social; y Sarah Gonz\u00e1lez Crespo, jefa del departamento de Atenci\u00f3n a J\u00f3venes del DIF Estatal.<\/p>\n\n\n\n<figure class=\"wp-block-image\"><a href=\"https:\/\/tamaulipas.gob.mx\/wp-content\/uploads\/2026\/08\/IJU-054-2026.-Presenta-Injuve-taller-Espacio-Creativo-2.jpeg\"><img decoding=\"async\" src=\"https:\/\/tamaulipas.gob.mx\/wp-content\/uploads\/2026\/08\/IJU-054-2026.-Presenta-Injuve-taller-Espacio-Creativo-2-801x500.jpeg\" alt=\"\"\/><\/a><\/figure>\n\n\n\n<figure class=\"wp-block-image\"><a href=\"https:\/\/tamaulipas.gob.mx\/wp-content\/uploads\/2026\/08\/IJU-054-2026.-Presenta-Injuve-taller-Espacio-Creativo-3.jpeg\"><img decoding=\"async\" src=\"https:\/\/tamaulipas.gob.mx\/wp-content\/uploads\/2026\/08\/IJU-054-2026.-Presenta-Injuve-taller-Espacio-Creativo-3-801x500.jpeg\" alt=\"\"\/><\/a><\/figure>\n\n\n\n<figure class=\"wp-block-image\"><a href=\"https:\/\/tamaulipas.gob.mx\/wp-content\/uploads\/2026\/08\/IJU-054-2026.-Presenta-Injuve-taller-Espacio-Creativo-4.jpeg\"><img decoding=\"async\" src=\"https:\/\/tamaulipas.gob.mx\/wp-content\/uploads\/2026\/08\/IJU-054-2026.-Presenta-Injuve-taller-Espacio-Creativo-4-850x500.jpeg\" alt=\"\"\/><\/a><\/figure>\n\n\n\n<figure class=\"wp-block-image\"><a href=\"https:\/\/tamaulipas.gob.mx\/wp-content\/uploads\/2026\/08\/IJU-054-2026.-Presenta-Injuve-taller-Espacio-Creativo-5.jpeg\"><img decoding=\"async\" src=\"https:\/\/tamaulipas.gob.mx\/wp-content\/uploads\/2026\/08\/IJU-054-2026.-Presenta-Injuve-taller-Espacio-Creativo-5-850x500.jpeg\" alt=\"\"\/><\/a><\/figure>\n\n\n\n<figure class=\"wp-block-image\"><a href=\"https:\/\/tamaulipas.gob.mx\/wp-content\/uploads\/2026\/08\/IJU-054-2026.-Presenta-Injuve-taller-Espacio-Creativo-6.jpeg\"><img decoding=\"async\" src=\"https:\/\/tamaulipas.gob.mx\/wp-content\/uploads\/2026\/08\/IJU-054-2026.-Presenta-Injuve-taller-Espacio-Creativo-6-850x500.jpeg\" alt=\"\"\/><\/a><\/figure>\n\n\n\n<figure class=\"wp-block-image\"><a href=\"https:\/\/tamaulipas.gob.mx\/wp-content\/uploads\/2026\/08\/IJU-054-2026.-Presenta-Injuve-taller-Espacio-Creativo-7.jpeg\"><img decoding=\"async\" src=\"https:\/\/tamaulipas.gob.mx\/wp-content\/uploads\/2026\/08\/IJU-054-2026.-Presenta-Injuve-taller-Espacio-Creativo-7-850x500.jpeg\" alt=\"\"\/><\/a><\/figure>\n\n\n\n<figure class=\"wp-block-image\"><a href=\"https:\/\/tamaulipas.gob.mx\/wp-content\/uploads\/2026\/08\/IJU-054-2026.-Presenta-Injuve-taller-Espacio-Creativo-8.jpeg\"><img decoding=\"async\" src=\"https:\/\/tamaulipas.gob.mx\/wp-content\/uploads\/2026\/08\/IJU-054-2026.-Presenta-Injuve-taller-Espacio-Creativo-8-801x500.jpeg\" alt=\"\"\/><\/a><\/figure>\n\n\n\n<figure class=\"wp-block-image\"><a href=\"https:\/\/tamaulipas.gob.mx\/wp-content\/uploads\/2026\/08\/IJU-054-2026.-Presenta-Injuve-taller-Espacio-Creativo-9.jpeg\"><img decoding=\"async\" src=\"https:\/\/tamaulipas.gob.mx\/wp-content\/uploads\/2026\/08\/IJU-054-2026.-Presenta-Injuve-taller-Espacio-Creativo-9-801x500.jpeg\" alt=\"\"\/><\/a><\/figure>\n\n\n\n<figure class=\"wp-block-image\"><a href=\"https:\/\/tamaulipas.gob.mx\/wp-content\/uploads\/2026\/08\/IJU-054-2026.-Presenta-Injuve-taller-Espacio-Creativo-1.jpeg\"><img decoding=\"async\" src=\"https:\/\/tamaulipas.gob.mx\/wp-content\/uploads\/2026\/08\/IJU-054-2026.-Presenta-Injuve-taller-Espacio-Creativo-1-850x500.jpeg\" alt=\"\"\/><\/a><\/figure>\n","protected":false},"excerpt":{"rendered":"<p>En el marco del Mes de la Juventud, el Instituto de la Juventud de Tamaulipas (INJUVE), en colaboraci\u00f3n con el Instituto Tamaulipeco para la Cultura y las Artes (ITCA), realiz\u00f3&hellip; <\/p>\n","protected":false},"author":1,"featured_media":2678,"comment_status":"open","ping_status":"open","sticky":false,"template":"","format":"standard","meta":{"fifu_image_url":"https:\/\/tamaulipas.gob.mx\/wp-content\/uploads\/2026\/08\/IJU-054-2026.-Presenta-Injuve-taller-Espacio-Creativo-2-801x500.jpeg","fifu_image_alt":"","footnotes":""},"categories":[1],"tags":[],"class_list":["post-2675","post","type-post","status-publish","format-standard","has-post-thumbnail","hentry","category-politica"],"_links":{"self":[{"href":"https:\/\/www.extratamaulipas.com\/Home\/wp-json\/wp\/v2\/posts\/2675","targetHints":{"allow":["GET"]}}],"collection":[{"href":"https:\/\/www.extratamaulipas.com\/Home\/wp-json\/wp\/v2\/posts"}],"about":[{"href":"https:\/\/www.extratamaulipas.com\/Home\/wp-json\/wp\/v2\/types\/post"}],"author":[{"embeddable":true,"href":"https:\/\/www.extratamaulipas.com\/Home\/wp-json\/wp\/v2\/users\/1"}],"replies":[{"embeddable":true,"href":"https:\/\/www.extratamaulipas.com\/Home\/wp-json\/wp\/v2\/comments?post=2675"}],"version-history":[{"count":1,"href":"https:\/\/www.extratamaulipas.com\/Home\/wp-json\/wp\/v2\/posts\/2675\/revisions"}],"predecessor-version":[{"id":2677,"href":"https:\/\/www.extratamaulipas.com\/Home\/wp-json\/wp\/v2\/posts\/2675\/revisions\/2677"}],"wp:attachment":[{"href":"https:\/\/www.extratamaulipas.com\/Home\/wp-json\/wp\/v2\/media?parent=2675"}],"wp:term":[{"taxonomy":"category","embeddable":true,"href":"https:\/\/www.extratamaulipas.com\/Home\/wp-json\/wp\/v2\/categories?post=2675"},{"taxonomy":"post_tag","embeddable":true,"href":"https:\/\/www.extratamaulipas.com\/Home\/wp-json\/wp\/v2\/tags?post=2675"}],"curies":[{"name":"wp","href":"https:\/\/api.w.org\/{rel}","templated":true}]}}