{"id":2667,"date":"2026-08-25T11:26:09","date_gmt":"2026-08-25T17:26:09","guid":{"rendered":"https:\/\/www.extratamaulipas.com\/Home\/?p=2667"},"modified":"2026-08-28T11:27:07","modified_gmt":"2026-08-28T17:27:07","slug":"promueve-sdr-cultura-forestal-durante-campamento-de-verano-del-tamux","status":"publish","type":"post","link":"https:\/\/www.extratamaulipas.com\/Home\/politica\/promueve-sdr-cultura-forestal-durante-campamento-de-verano-del-tamux\/","title":{"rendered":"Promueve SDR cultura forestal durante Campamento de Verano del TAMUX"},"content":{"rendered":"\n<p class=\"wp-block-paragraph\">La Secretar\u00eda de Desarrollo Rural, Pesca y Acuacultura de Tamaulipas particip\u00f3 en el Campamento de Verano organizado por el Museo de Historia Natural de Tamaulipas (TAMUX), donde imparti\u00f3 el Taller de Educaci\u00f3n Ambiental y Forestal, con el prop\u00f3sito de fortalecer la educaci\u00f3n ambiental y fomentar la cultura forestal desde la ni\u00f1ez.<\/p>\n\n\n\n<p class=\"wp-block-paragraph\">En representaci\u00f3n del secretario de Desarrollo Rural, Pesca y Acuacultura, Antonio Varela Flores, particip\u00f3 la directora de Fomento Forestal, Celene Ram\u00edrez Garc\u00eda, quien destac\u00f3 la importancia de acercar a las ni\u00f1as y ni\u00f1os conocimientos sobre el cuidado, conservaci\u00f3n y aprovechamiento responsable de los recursos naturales.<\/p>\n\n\n\n<p class=\"wp-block-paragraph\">Durante el taller, las y los participantes aprendieron de manera divertida y din\u00e1mica sobre la importancia de los \u00e1rboles y los beneficios que brindan al medio ambiente. Para reforzar estos conocimientos, se realizaron diversas actividades l\u00fadicas y did\u00e1cticas, entre ellas la Loter\u00eda Forestal, mediante la cual las ni\u00f1as y ni\u00f1os pudieron identificar conceptos relacionados con los bosques, los \u00e1rboles y el cuidado de la naturaleza.<\/p>\n\n\n\n<p class=\"wp-block-paragraph\">Como parte de las actividades, tambi\u00e9n se llev\u00f3 a cabo la entrega de \u00e1rboles, con el objetivo de promover entre los estudiantes la importancia de plantar, cuidar y conservar los \u00e1rboles desde temprana edad.<\/p>\n\n\n\n<p class=\"wp-block-paragraph\">Asimismo, se entregaron termos y morrales, como incentivos a la participaci\u00f3n y entusiasmo de las y los asistentes, adem\u00e1s de materiales interactivos que contribuyeron a reforzar el aprendizaje adquirido durante el taller.<\/p>\n\n\n\n<p class=\"wp-block-paragraph\">La funcionaria estatal se\u00f1al\u00f3 que el gobernador Am\u00e9rico Villarreal Anaya, a trav\u00e9s de la Secretar\u00eda de Desarrollo Rural, Pesca y Acuacultura refrenda el compromiso de impulsar acciones de educaci\u00f3n ambiental que permitan que las nuevas generaciones conozcan la importancia de los recursos forestales y se conviertan en agentes de cambio para la protecci\u00f3n y conservaci\u00f3n del medio ambiente.<\/p>\n\n\n\n<p class=\"wp-block-paragraph\">***<\/p>\n\n\n\n<figure class=\"wp-block-image\"><a href=\"https:\/\/tamaulipas.gob.mx\/wp-content\/uploads\/2026\/08\/SRU-124-2026.-Promueve-SDR-cultura-forestal-durante-Campamento-de-Verano-del-TAMUX-1.jpeg\"><img decoding=\"async\" src=\"https:\/\/tamaulipas.gob.mx\/wp-content\/uploads\/2026\/08\/SRU-124-2026.-Promueve-SDR-cultura-forestal-durante-Campamento-de-Verano-del-TAMUX-1-850x500.jpeg\" alt=\"\"\/><\/a><\/figure>\n\n\n\n<figure class=\"wp-block-image\"><a href=\"https:\/\/tamaulipas.gob.mx\/wp-content\/uploads\/2026\/08\/SRU-124-2026.-Promueve-SDR-cultura-forestal-durante-Campamento-de-Verano-del-TAMUX-2.jpeg\"><img decoding=\"async\" src=\"https:\/\/tamaulipas.gob.mx\/wp-content\/uploads\/2026\/08\/SRU-124-2026.-Promueve-SDR-cultura-forestal-durante-Campamento-de-Verano-del-TAMUX-2-850x500.jpeg\" alt=\"\"\/><\/a><\/figure>\n\n\n\n<figure class=\"wp-block-image\"><a href=\"https:\/\/tamaulipas.gob.mx\/wp-content\/uploads\/2026\/08\/SRU-124-2026.-Promueve-SDR-cultura-forestal-durante-Campamento-de-Verano-del-TAMUX-3.jpeg\"><img decoding=\"async\" src=\"https:\/\/tamaulipas.gob.mx\/wp-content\/uploads\/2026\/08\/SRU-124-2026.-Promueve-SDR-cultura-forestal-durante-Campamento-de-Verano-del-TAMUX-3-850x500.jpeg\" alt=\"\"\/><\/a><\/figure>\n\n\n\n<figure class=\"wp-block-image\"><a href=\"https:\/\/tamaulipas.gob.mx\/wp-content\/uploads\/2026\/08\/SRU-124-2026.-Promueve-SDR-cultura-forestal-durante-Campamento-de-Verano-del-TAMUX-4.jpeg\"><img decoding=\"async\" src=\"https:\/\/tamaulipas.gob.mx\/wp-content\/uploads\/2026\/08\/SRU-124-2026.-Promueve-SDR-cultura-forestal-durante-Campamento-de-Verano-del-TAMUX-4-850x500.jpeg\" alt=\"\"\/><\/a><\/figure>\n\n\n\n<figure class=\"wp-block-image\"><a href=\"https:\/\/tamaulipas.gob.mx\/wp-content\/uploads\/2026\/08\/SRU-124-2026.-Promueve-SDR-cultura-forestal-durante-Campamento-de-Verano-del-TAMUX-5.jpeg\"><img decoding=\"async\" src=\"https:\/\/tamaulipas.gob.mx\/wp-content\/uploads\/2026\/08\/SRU-124-2026.-Promueve-SDR-cultura-forestal-durante-Campamento-de-Verano-del-TAMUX-5-850x500.jpeg\" alt=\"\"\/><\/a><\/figure>\n\n\n\n<p class=\"wp-block-paragraph\"><\/p>\n","protected":false},"excerpt":{"rendered":"<p>La Secretar\u00eda de Desarrollo Rural, Pesca y Acuacultura de Tamaulipas particip\u00f3 en el Campamento de Verano organizado por el Museo de Historia Natural de Tamaulipas (TAMUX), donde imparti\u00f3 el Taller&hellip; <\/p>\n","protected":false},"author":1,"featured_media":2670,"comment_status":"open","ping_status":"open","sticky":false,"template":"","format":"standard","meta":{"fifu_image_url":"https:\/\/tamaulipas.gob.mx\/wp-content\/uploads\/2026\/08\/SRU-124-2026.-Promueve-SDR-cultura-forestal-durante-Campamento-de-Verano-del-TAMUX-1-850x500.jpeg","fifu_image_alt":"","footnotes":""},"categories":[1],"tags":[],"class_list":["post-2667","post","type-post","status-publish","format-standard","has-post-thumbnail","hentry","category-politica"],"_links":{"self":[{"href":"https:\/\/www.extratamaulipas.com\/Home\/wp-json\/wp\/v2\/posts\/2667","targetHints":{"allow":["GET"]}}],"collection":[{"href":"https:\/\/www.extratamaulipas.com\/Home\/wp-json\/wp\/v2\/posts"}],"about":[{"href":"https:\/\/www.extratamaulipas.com\/Home\/wp-json\/wp\/v2\/types\/post"}],"author":[{"embeddable":true,"href":"https:\/\/www.extratamaulipas.com\/Home\/wp-json\/wp\/v2\/users\/1"}],"replies":[{"embeddable":true,"href":"https:\/\/www.extratamaulipas.com\/Home\/wp-json\/wp\/v2\/comments?post=2667"}],"version-history":[{"count":1,"href":"https:\/\/www.extratamaulipas.com\/Home\/wp-json\/wp\/v2\/posts\/2667\/revisions"}],"predecessor-version":[{"id":2669,"href":"https:\/\/www.extratamaulipas.com\/Home\/wp-json\/wp\/v2\/posts\/2667\/revisions\/2669"}],"wp:attachment":[{"href":"https:\/\/www.extratamaulipas.com\/Home\/wp-json\/wp\/v2\/media?parent=2667"}],"wp:term":[{"taxonomy":"category","embeddable":true,"href":"https:\/\/www.extratamaulipas.com\/Home\/wp-json\/wp\/v2\/categories?post=2667"},{"taxonomy":"post_tag","embeddable":true,"href":"https:\/\/www.extratamaulipas.com\/Home\/wp-json\/wp\/v2\/tags?post=2667"}],"curies":[{"name":"wp","href":"https:\/\/api.w.org\/{rel}","templated":true}]}}