{"id":1824,"date":"2026-04-22T12:52:28","date_gmt":"2026-04-22T18:52:28","guid":{"rendered":"https:\/\/www.extratamaulipas.com\/Home\/?p=1824"},"modified":"2026-04-23T12:54:27","modified_gmt":"2026-04-23T18:54:27","slug":"refuerza-stps-atencion-laboral-en-matamoros-avanza-recuperacion-de-empleos","status":"publish","type":"post","link":"https:\/\/www.extratamaulipas.com\/Home\/politica\/refuerza-stps-atencion-laboral-en-matamoros-avanza-recuperacion-de-empleos\/","title":{"rendered":"Refuerza STPS atenci\u00f3n laboral en Matamoros; avanza recuperaci\u00f3n de empleos"},"content":{"rendered":"\n<p>La Secretar\u00eda del Trabajo y Previsi\u00f3n Social de Tamaulipas, encabezada por Luis Gerardo Illoldi Reyes, inform\u00f3 que se mantienen acciones coordinadas y permanentes para atender la situaci\u00f3n laboral registrada en la frontera, particularmente en Matamoros, donde recientemente se han registrado ajustes derivados del cierre de algunas empresas.<\/p>\n\n\n\n<p>El titular de la dependencia destac\u00f3 que, desde el primer momento, se activaron los mecanismos institucionales para brindar atenci\u00f3n a las y los trabajadores afectados, mediante estrategias enfocadas en la vinculaci\u00f3n laboral, capacitaci\u00f3n y acompa\u00f1amiento.<\/p>\n\n\n\n<p>\u201cEstamos haciendo todo lo que compete a la secretar\u00eda para atender esta situaci\u00f3n; nuestro objetivo es que ninguna persona trabajadora se quede sin alternativas\u201d, expres\u00f3.<\/p>\n\n\n\n<p>A trav\u00e9s del Servicio Nacional del Empleo en Tamaulipas, dirigido por Nayeli Lara Monroy, se han implementado diversas acciones para facilitar la reincorporaci\u00f3n<br>de las personas al mercado laboral formal.<\/p>\n\n\n\n<p>Entre ellas, destacan los programas Tamaulipas Equipa y Tamaulipas Capacita, enfocados en fortalecer habilidades y mejorar las oportunidades de empleo.<\/p>\n\n\n\n<p>\u201cSe ha logrado vincular a trabajadores a la bolsa de empleo, acerc\u00e1ndolos a oportunidades formales que les permitan mantener estabilidad econ\u00f3mica\u201d, se\u00f1al\u00f3 Illoldi Reyes.<\/p>\n\n\n\n<p>Asimismo, subray\u00f3 la participaci\u00f3n de los Centros de Conciliaci\u00f3n Laboral, encabezados por Adriana Garza Reyna, los cuales se mantienen activos para atender cualquier situaci\u00f3n derivada de los despidos, garantizando procesos justos y apegados a derecho.<\/p>\n\n\n\n<p>El secretario enfatiz\u00f3 que estos esfuerzos forman parte de un trabajo integral y coordinado entre las distintas \u00e1reas de la dependencia, con el objetivo de dar certeza a las y los trabajadores.<\/p>\n\n\n\n<p>\u201cEstamos trabajando en conjunto para generar estabilidad laboral y preservar la paz laboral en la entidad\u201d, afirm\u00f3.<\/p>\n\n\n\n<p>Finalmente destac\u00f3 que pese a los retos, se ha avanzado en la recuperaci\u00f3n de empleos formales en la regi\u00f3n, lo que refleja la efectividad de las estrategias implementadas.<\/p>\n\n\n\n<p>Estas acciones -dijo- se realizan en apego a las pol\u00edticas p\u00fablicas del Gobierno Humanista y de la Transformaci\u00f3n que encabeza Am\u00e9rico Villarreal Anaya, orientadas a garantizar bienestar y desarrollo para las familias tamaulipecas.<\/p>\n","protected":false},"excerpt":{"rendered":"<p>La Secretar\u00eda del Trabajo y Previsi\u00f3n Social de Tamaulipas, encabezada por Luis Gerardo Illoldi Reyes, inform\u00f3 que se mantienen acciones coordinadas y permanentes para atender la situaci\u00f3n laboral registrada en&hellip; <\/p>\n","protected":false},"author":1,"featured_media":1825,"comment_status":"open","ping_status":"open","sticky":false,"template":"","format":"standard","meta":{"footnotes":""},"categories":[1],"tags":[],"class_list":["post-1824","post","type-post","status-publish","format-standard","has-post-thumbnail","hentry","category-politica"],"_links":{"self":[{"href":"https:\/\/www.extratamaulipas.com\/Home\/wp-json\/wp\/v2\/posts\/1824","targetHints":{"allow":["GET"]}}],"collection":[{"href":"https:\/\/www.extratamaulipas.com\/Home\/wp-json\/wp\/v2\/posts"}],"about":[{"href":"https:\/\/www.extratamaulipas.com\/Home\/wp-json\/wp\/v2\/types\/post"}],"author":[{"embeddable":true,"href":"https:\/\/www.extratamaulipas.com\/Home\/wp-json\/wp\/v2\/users\/1"}],"replies":[{"embeddable":true,"href":"https:\/\/www.extratamaulipas.com\/Home\/wp-json\/wp\/v2\/comments?post=1824"}],"version-history":[{"count":1,"href":"https:\/\/www.extratamaulipas.com\/Home\/wp-json\/wp\/v2\/posts\/1824\/revisions"}],"predecessor-version":[{"id":1826,"href":"https:\/\/www.extratamaulipas.com\/Home\/wp-json\/wp\/v2\/posts\/1824\/revisions\/1826"}],"wp:featuredmedia":[{"embeddable":true,"href":"https:\/\/www.extratamaulipas.com\/Home\/wp-json\/wp\/v2\/media\/1825"}],"wp:attachment":[{"href":"https:\/\/www.extratamaulipas.com\/Home\/wp-json\/wp\/v2\/media?parent=1824"}],"wp:term":[{"taxonomy":"category","embeddable":true,"href":"https:\/\/www.extratamaulipas.com\/Home\/wp-json\/wp\/v2\/categories?post=1824"},{"taxonomy":"post_tag","embeddable":true,"href":"https:\/\/www.extratamaulipas.com\/Home\/wp-json\/wp\/v2\/tags?post=1824"}],"curies":[{"name":"wp","href":"https:\/\/api.w.org\/{rel}","templated":true}]}}