{"id":1821,"date":"2026-04-22T12:48:52","date_gmt":"2026-04-22T18:48:52","guid":{"rendered":"https:\/\/www.extratamaulipas.com\/Home\/?p=1821"},"modified":"2026-04-23T12:49:43","modified_gmt":"2026-04-23T18:49:43","slug":"busca-dema-prevenir-el-estres-y-el-sindrome-de-burnout-en-su-personal","status":"publish","type":"post","link":"https:\/\/www.extratamaulipas.com\/Home\/politica\/busca-dema-prevenir-el-estres-y-el-sindrome-de-burnout-en-su-personal\/","title":{"rendered":"Busca DEMA prevenir el estr\u00e9s y el s\u00edndrome de burnout en su personal"},"content":{"rendered":"\n<p>Con el objetivo de identificar y atender riesgos psicosociales como el estr\u00e9s, la ansiedad y el agotamiento laboral, personal de la Direcci\u00f3n de Ejecuci\u00f3n de Medidas para Adolescentes (DEMA) y del Centro Regional de G\u00fc\u00e9mez particip\u00f3 en un curso-taller sobre salud mental en el entorno laboral.<\/p>\n\n\n\n<p>La capacitaci\u00f3n fue impartida por especialistas de los Centros Comunitarios de Salud Mental y Adicciones (CECOSAMA), adscritos a la Secretar\u00eda de Salud de Tamaulipas, como parte de una estrategia orientada a fortalecer el bienestar emocional del personal y mejorar su desempe\u00f1o profesional.<\/p>\n\n\n\n<p>Durante la jornada, se abordaron temas relacionados con el equilibrio entre la vocaci\u00f3n de servicio y la salud mental, as\u00ed como los efectos del s\u00edndrome de burnout o \u201ctrabajador quemado\u201d, el cual puede derivar en disminuci\u00f3n del rendimiento, desgaste emocional y afectaciones en la calidad del servicio.<\/p>\n\n\n\n<p>La directora estatal de Ejecuci\u00f3n de Medidas para Adolescentes, Maribel Leticia Garc\u00eda Barrientos, dio la bienvenida a las y los participantes, destacando la importancia de promover entornos laborales m\u00e1s saludables, equitativos y humanos.<\/p>\n\n\n\n<p>A trav\u00e9s de din\u00e1micas grupales, las y los asistentes identificaron sus fortalezas y \u00e1reas de oportunidad, lo que permiti\u00f3 reflexionar sobre las condiciones emocionales en las que desempe\u00f1an sus funciones y la necesidad de atenderlas de manera oportuna.<\/p>\n","protected":false},"excerpt":{"rendered":"<p>Con el objetivo de identificar y atender riesgos psicosociales como el estr\u00e9s, la ansiedad y el agotamiento laboral, personal de la Direcci\u00f3n de Ejecuci\u00f3n de Medidas para Adolescentes (DEMA) y&hellip; <\/p>\n","protected":false},"author":1,"featured_media":1822,"comment_status":"open","ping_status":"open","sticky":false,"template":"","format":"standard","meta":{"footnotes":""},"categories":[1],"tags":[],"class_list":["post-1821","post","type-post","status-publish","format-standard","has-post-thumbnail","hentry","category-politica"],"_links":{"self":[{"href":"https:\/\/www.extratamaulipas.com\/Home\/wp-json\/wp\/v2\/posts\/1821","targetHints":{"allow":["GET"]}}],"collection":[{"href":"https:\/\/www.extratamaulipas.com\/Home\/wp-json\/wp\/v2\/posts"}],"about":[{"href":"https:\/\/www.extratamaulipas.com\/Home\/wp-json\/wp\/v2\/types\/post"}],"author":[{"embeddable":true,"href":"https:\/\/www.extratamaulipas.com\/Home\/wp-json\/wp\/v2\/users\/1"}],"replies":[{"embeddable":true,"href":"https:\/\/www.extratamaulipas.com\/Home\/wp-json\/wp\/v2\/comments?post=1821"}],"version-history":[{"count":1,"href":"https:\/\/www.extratamaulipas.com\/Home\/wp-json\/wp\/v2\/posts\/1821\/revisions"}],"predecessor-version":[{"id":1823,"href":"https:\/\/www.extratamaulipas.com\/Home\/wp-json\/wp\/v2\/posts\/1821\/revisions\/1823"}],"wp:featuredmedia":[{"embeddable":true,"href":"https:\/\/www.extratamaulipas.com\/Home\/wp-json\/wp\/v2\/media\/1822"}],"wp:attachment":[{"href":"https:\/\/www.extratamaulipas.com\/Home\/wp-json\/wp\/v2\/media?parent=1821"}],"wp:term":[{"taxonomy":"category","embeddable":true,"href":"https:\/\/www.extratamaulipas.com\/Home\/wp-json\/wp\/v2\/categories?post=1821"},{"taxonomy":"post_tag","embeddable":true,"href":"https:\/\/www.extratamaulipas.com\/Home\/wp-json\/wp\/v2\/tags?post=1821"}],"curies":[{"name":"wp","href":"https:\/\/api.w.org\/{rel}","templated":true}]}}