{"id":1809,"date":"2026-04-21T12:38:07","date_gmt":"2026-04-21T18:38:07","guid":{"rendered":"https:\/\/www.extratamaulipas.com\/Home\/?p=1809"},"modified":"2026-04-23T12:40:38","modified_gmt":"2026-04-23T18:40:38","slug":"reduce-tamaulipas-homicidios-dolosos-se-ubica-en-lugar-14-a-nivel-nacional-sesnsp","status":"publish","type":"post","link":"https:\/\/www.extratamaulipas.com\/Home\/politica\/reduce-tamaulipas-homicidios-dolosos-se-ubica-en-lugar-14-a-nivel-nacional-sesnsp\/","title":{"rendered":"\u00a0Reduce Tamaulipas homicidios dolosos: se ubica en lugar 14 a nivel nacional: SESNSP"},"content":{"rendered":"\n<p>Como resultado de la estrategia de seguridad y la coordinaci\u00f3n entre el Gobierno del Estado y las Fuerzas Federales, Tamaulipas mantiene una tendencia a la baja en el n\u00famero de homicidios dolosos, ubic\u00e1ndose en el lugar n\u00famero 14 a nivel nacional con menos v\u00edctimas por este delito, de acuerdo con datos oficiales.<\/p>\n\n\n\n<p>El Secretariado Ejecutivo del Sistema Nacional de Seguridad P\u00fablica detall\u00f3 que durante el primer trimestre de 2026, Tamaulipas consolid\u00f3 esta tendencia a la baja, la cual se ha registrado desde el inicio de la actual administraci\u00f3n estatal.<\/p>\n\n\n\n<p>Durante el mes de febrero de 2026, se registraron 12 casos, la cifra m\u00e1s baja en la \u00faltima d\u00e9cada, con una reducci\u00f3n del 50% respecto al mismo mes de 2025.<\/p>\n\n\n\n<p>A nivel nacional, m\u00e1s del 50% de homicidios dolosos se concentran en siete estados del pa\u00eds, con un total de 799 casos: Guanajuato, Chihuahua, Baja California, Morelos, Guerrero, Estado de M\u00e9xico y Oaxaca, de acuerdo con los datos presentados en la conferencia matutina del 14 de abril de la presidenta Claudia Sheinbaum.<\/p>\n\n\n\n<p>En M\u00e9xico, los homicidios dolosos disminuyeron 41 por ciento al pasar de un promedio diario de 86.9 en septiembre de 2024 a 51.4 en marzo de 2026.<\/p>\n\n\n\n<p>Esto representa 35 homicidios diarios menos y posiciona a marzo de este a\u00f1o como el m\u00e1s bajo desde 2016.<\/p>\n\n\n\n<p>Adem\u00e1s, el primer trimestre de 2026 es el m\u00e1s bajo desde 2016, con un promedio diario de 50.8 en los tres primeros meses del a\u00f1o.<\/p>\n","protected":false},"excerpt":{"rendered":"<p>Como resultado de la estrategia de seguridad y la coordinaci\u00f3n entre el Gobierno del Estado y las Fuerzas Federales, Tamaulipas mantiene una tendencia a la baja en el n\u00famero de&hellip; <\/p>\n","protected":false},"author":1,"featured_media":1810,"comment_status":"open","ping_status":"open","sticky":false,"template":"","format":"standard","meta":{"footnotes":""},"categories":[1],"tags":[],"class_list":["post-1809","post","type-post","status-publish","format-standard","has-post-thumbnail","hentry","category-politica"],"_links":{"self":[{"href":"https:\/\/www.extratamaulipas.com\/Home\/wp-json\/wp\/v2\/posts\/1809","targetHints":{"allow":["GET"]}}],"collection":[{"href":"https:\/\/www.extratamaulipas.com\/Home\/wp-json\/wp\/v2\/posts"}],"about":[{"href":"https:\/\/www.extratamaulipas.com\/Home\/wp-json\/wp\/v2\/types\/post"}],"author":[{"embeddable":true,"href":"https:\/\/www.extratamaulipas.com\/Home\/wp-json\/wp\/v2\/users\/1"}],"replies":[{"embeddable":true,"href":"https:\/\/www.extratamaulipas.com\/Home\/wp-json\/wp\/v2\/comments?post=1809"}],"version-history":[{"count":1,"href":"https:\/\/www.extratamaulipas.com\/Home\/wp-json\/wp\/v2\/posts\/1809\/revisions"}],"predecessor-version":[{"id":1811,"href":"https:\/\/www.extratamaulipas.com\/Home\/wp-json\/wp\/v2\/posts\/1809\/revisions\/1811"}],"wp:featuredmedia":[{"embeddable":true,"href":"https:\/\/www.extratamaulipas.com\/Home\/wp-json\/wp\/v2\/media\/1810"}],"wp:attachment":[{"href":"https:\/\/www.extratamaulipas.com\/Home\/wp-json\/wp\/v2\/media?parent=1809"}],"wp:term":[{"taxonomy":"category","embeddable":true,"href":"https:\/\/www.extratamaulipas.com\/Home\/wp-json\/wp\/v2\/categories?post=1809"},{"taxonomy":"post_tag","embeddable":true,"href":"https:\/\/www.extratamaulipas.com\/Home\/wp-json\/wp\/v2\/tags?post=1809"}],"curies":[{"name":"wp","href":"https:\/\/api.w.org\/{rel}","templated":true}]}}