{"id":1806,"date":"2026-04-21T12:36:15","date_gmt":"2026-04-21T18:36:15","guid":{"rendered":"https:\/\/www.extratamaulipas.com\/Home\/?p=1806"},"modified":"2026-04-23T12:37:09","modified_gmt":"2026-04-23T18:37:09","slug":"inicia-instalacion-de-senaletica-en-corredor-gastronomico-interejidal-sectur","status":"publish","type":"post","link":"https:\/\/www.extratamaulipas.com\/Home\/politica\/inicia-instalacion-de-senaletica-en-corredor-gastronomico-interejidal-sectur\/","title":{"rendered":"Inicia instalaci\u00f3n de se\u00f1al\u00e9tica en Corredor Gastron\u00f3mico Interejidal: Sectur"},"content":{"rendered":"\n<p>El Corredor Interejidal avanza en su consolidaci\u00f3n como un referente del turismo gastron\u00f3mico en Tamaulipas, mediante la instalaci\u00f3n de se\u00f1al\u00e9tica que fortalece la orientaci\u00f3n, seguridad y experiencia de quienes visitan esta zona.<\/p>\n\n\n\n<p>El secretario de Turismo de Tamaulipas, Benjam\u00edn Hern\u00e1ndez Rodr\u00edguez, inform\u00f3 que en esta primera etapa se contempla la colocaci\u00f3n de 110 se\u00f1alamientos tur\u00edsticos y de servicios relacionados con los atractivos del corredor, as\u00ed como 36 se\u00f1alamientos correspondientes a establecimientos de alimentos, distribuidos en 18 espacios gastron\u00f3micos.<\/p>\n\n\n\n<p>Explic\u00f3 que esta acci\u00f3n forma parte de una estrategia integral para fortalecer los destinos tur\u00edsticos y el turismo comunitario, generando beneficios directos para la poblaci\u00f3n local.<\/p>\n\n\n\n<p>\u201cCon el decidido apoyo del gobernador Am\u00e9rico Villarreal Anaya, avanzamos a paso firme en turismo, seguridad, infraestructura, normatividad e inversi\u00f3n para la transformaci\u00f3n de Tamaulipas\u201d, se\u00f1al\u00f3 el funcionario.<\/p>\n\n\n\n<p>Destac\u00f3 que esta nueva se\u00f1al\u00e9tica permitir\u00e1 a visitantes y turistas identificar de manera clara los puntos de inter\u00e9s del corredor, facilitando el acceso a una oferta gastron\u00f3mica diversa que incluye desde platillos tradicionales hasta preparaciones t\u00edpicas de la regi\u00f3n.<\/p>\n\n\n\n<p>Asimismo, subray\u00f3 que el Corredor Interejidal busca posicionarse como un destino tur\u00edstico atractivo, con espacios seguros y con identidad regional, que fomenten la convivencia familiar y promuevan el desarrollo econ\u00f3mico local.<\/p>\n\n\n\n<p>Finalmente, reiter\u00f3 que estas acciones contribuyen a consolidar a Tamaulipas como un destino confiable y competitivo, impulsando el turismo como motor de desarrollo y bienestar.<\/p>\n","protected":false},"excerpt":{"rendered":"<p>El Corredor Interejidal avanza en su consolidaci\u00f3n como un referente del turismo gastron\u00f3mico en Tamaulipas, mediante la instalaci\u00f3n de se\u00f1al\u00e9tica que fortalece la orientaci\u00f3n, seguridad y experiencia de quienes visitan&hellip; <\/p>\n","protected":false},"author":1,"featured_media":1807,"comment_status":"open","ping_status":"open","sticky":false,"template":"","format":"standard","meta":{"footnotes":""},"categories":[1],"tags":[],"class_list":["post-1806","post","type-post","status-publish","format-standard","has-post-thumbnail","hentry","category-politica"],"_links":{"self":[{"href":"https:\/\/www.extratamaulipas.com\/Home\/wp-json\/wp\/v2\/posts\/1806","targetHints":{"allow":["GET"]}}],"collection":[{"href":"https:\/\/www.extratamaulipas.com\/Home\/wp-json\/wp\/v2\/posts"}],"about":[{"href":"https:\/\/www.extratamaulipas.com\/Home\/wp-json\/wp\/v2\/types\/post"}],"author":[{"embeddable":true,"href":"https:\/\/www.extratamaulipas.com\/Home\/wp-json\/wp\/v2\/users\/1"}],"replies":[{"embeddable":true,"href":"https:\/\/www.extratamaulipas.com\/Home\/wp-json\/wp\/v2\/comments?post=1806"}],"version-history":[{"count":1,"href":"https:\/\/www.extratamaulipas.com\/Home\/wp-json\/wp\/v2\/posts\/1806\/revisions"}],"predecessor-version":[{"id":1808,"href":"https:\/\/www.extratamaulipas.com\/Home\/wp-json\/wp\/v2\/posts\/1806\/revisions\/1808"}],"wp:featuredmedia":[{"embeddable":true,"href":"https:\/\/www.extratamaulipas.com\/Home\/wp-json\/wp\/v2\/media\/1807"}],"wp:attachment":[{"href":"https:\/\/www.extratamaulipas.com\/Home\/wp-json\/wp\/v2\/media?parent=1806"}],"wp:term":[{"taxonomy":"category","embeddable":true,"href":"https:\/\/www.extratamaulipas.com\/Home\/wp-json\/wp\/v2\/categories?post=1806"},{"taxonomy":"post_tag","embeddable":true,"href":"https:\/\/www.extratamaulipas.com\/Home\/wp-json\/wp\/v2\/tags?post=1806"}],"curies":[{"name":"wp","href":"https:\/\/api.w.org\/{rel}","templated":true}]}}