{"id":1785,"date":"2026-04-18T12:19:24","date_gmt":"2026-04-18T18:19:24","guid":{"rendered":"https:\/\/www.extratamaulipas.com\/Home\/?p=1785"},"modified":"2026-04-23T12:20:09","modified_gmt":"2026-04-23T18:20:09","slug":"entregan-constancias-de-capacitacion-laboral-a-ppls-del-cedes-altamira","status":"publish","type":"post","link":"https:\/\/www.extratamaulipas.com\/Home\/politica\/entregan-constancias-de-capacitacion-laboral-a-ppls-del-cedes-altamira\/","title":{"rendered":"Entregan constancias de capacitaci\u00f3n laboral a PPLs del CEDES Altamira"},"content":{"rendered":"\n<p>Un total de 188 constancias fueron entregadas a personas privadas de la libertad (PPLs) del Centro de Ejecuci\u00f3n de Sanciones (CEDES) de Altamira, tras concluir diversos cursos de capacitaci\u00f3n impartidos durante los meses de febrero y marzo por el Instituto Tamaulipeco de Capacitaci\u00f3n para el Empleo y el Instituto de Capacitaci\u00f3n para el Trabajo.<\/p>\n\n\n\n<p>La actividad, coordinada por el \u00e1rea de Promoci\u00f3n y Desarrollo Laboral, forma parte de las acciones orientadas a fortalecer la formaci\u00f3n educativa y t\u00e9cnica al interior de los CEDES, con el prop\u00f3sito de dotar a las personas privadas de la libertad de herramientas, habilidades y conocimientos en distintos oficios.<\/p>\n\n\n\n<p>Los cursos buscan no solo impulsar la capacitaci\u00f3n laboral, sino tambi\u00e9n fomentar h\u00e1bitos positivos, disciplina y autoestima entre los participantes, elementos fundamentales para su proceso de reinserci\u00f3n social y futura inclusi\u00f3n en el mercado laboral.<\/p>\n\n\n\n<p>Estas acciones se realizan con base en lo establecido en los art\u00edculos 87, 88, 89 y 90 de la Ley Nacional de Ejecuci\u00f3n Penal, que contemplan la capacitaci\u00f3n como un eje fundamental en los procesos de reinserci\u00f3n.<\/p>\n","protected":false},"excerpt":{"rendered":"<p>Un total de 188 constancias fueron entregadas a personas privadas de la libertad (PPLs) del Centro de Ejecuci\u00f3n de Sanciones (CEDES) de Altamira, tras concluir diversos cursos de capacitaci\u00f3n impartidos&hellip; <\/p>\n","protected":false},"author":1,"featured_media":1786,"comment_status":"open","ping_status":"open","sticky":false,"template":"","format":"standard","meta":{"footnotes":""},"categories":[1],"tags":[],"class_list":["post-1785","post","type-post","status-publish","format-standard","has-post-thumbnail","hentry","category-politica"],"_links":{"self":[{"href":"https:\/\/www.extratamaulipas.com\/Home\/wp-json\/wp\/v2\/posts\/1785","targetHints":{"allow":["GET"]}}],"collection":[{"href":"https:\/\/www.extratamaulipas.com\/Home\/wp-json\/wp\/v2\/posts"}],"about":[{"href":"https:\/\/www.extratamaulipas.com\/Home\/wp-json\/wp\/v2\/types\/post"}],"author":[{"embeddable":true,"href":"https:\/\/www.extratamaulipas.com\/Home\/wp-json\/wp\/v2\/users\/1"}],"replies":[{"embeddable":true,"href":"https:\/\/www.extratamaulipas.com\/Home\/wp-json\/wp\/v2\/comments?post=1785"}],"version-history":[{"count":1,"href":"https:\/\/www.extratamaulipas.com\/Home\/wp-json\/wp\/v2\/posts\/1785\/revisions"}],"predecessor-version":[{"id":1787,"href":"https:\/\/www.extratamaulipas.com\/Home\/wp-json\/wp\/v2\/posts\/1785\/revisions\/1787"}],"wp:featuredmedia":[{"embeddable":true,"href":"https:\/\/www.extratamaulipas.com\/Home\/wp-json\/wp\/v2\/media\/1786"}],"wp:attachment":[{"href":"https:\/\/www.extratamaulipas.com\/Home\/wp-json\/wp\/v2\/media?parent=1785"}],"wp:term":[{"taxonomy":"category","embeddable":true,"href":"https:\/\/www.extratamaulipas.com\/Home\/wp-json\/wp\/v2\/categories?post=1785"},{"taxonomy":"post_tag","embeddable":true,"href":"https:\/\/www.extratamaulipas.com\/Home\/wp-json\/wp\/v2\/tags?post=1785"}],"curies":[{"name":"wp","href":"https:\/\/api.w.org\/{rel}","templated":true}]}}