{"id":1767,"date":"2026-04-16T13:24:40","date_gmt":"2026-04-16T19:24:40","guid":{"rendered":"https:\/\/www.extratamaulipas.com\/Home\/?p=1767"},"modified":"2026-04-22T13:26:21","modified_gmt":"2026-04-22T19:26:21","slug":"promueve-set-el-deporte-la-activacion-fisica-y-la-prevencion-de-adicciones-entre-la-juventud-tamaulipeca","status":"publish","type":"post","link":"https:\/\/www.extratamaulipas.com\/Home\/politica\/promueve-set-el-deporte-la-activacion-fisica-y-la-prevencion-de-adicciones-entre-la-juventud-tamaulipeca\/","title":{"rendered":"Promueve SET el deporte, la activaci\u00f3n f\u00edsica y la prevenci\u00f3n de adicciones entre la juventud tamaulipeca"},"content":{"rendered":"\n<p>La Secretar\u00eda de Educaci\u00f3n de Tamaulipas (SET), a trav\u00e9s de la Subsecretar\u00eda de Educaci\u00f3n Media Superior y Superior (SEMSYS), promueve la pr\u00e1ctica del deporte y la activaci\u00f3n f\u00edsica en las juventudes tamaulipecas a trav\u00e9s de la \u201cJornada Nacional por la Paz y Contra las Adicciones\u201d, estrategia impulsada desde el Gobierno de M\u00e9xico.<\/p>\n\n\n\n<p>El titular de la SEMSYS, Igor Crespo Sol\u00eds, indic\u00f3 que esta jornada se efectu\u00f3 de manera coordinada con la Secretar\u00eda del Trabajo y Previsi\u00f3n Social y el Instituto de la Juventud, sumando trabajo y voluntades a esta importante actividad impulsada por la presidenta Claudia Sheinbaum Pardo.<\/p>\n\n\n\n<p>Explic\u00f3 que, como parte de estas acciones, se realiz\u00f3 la Jornada Nacional de F\u00fatbol para las Juventudes \u201cTorneo de Cascaritas y Dominadas\u201d, en la que participaron alrededor de 4 mil estudiantes de los niveles de educaci\u00f3n media superior y superior, de los municipios de Nuevo Laredo, Reynosa, Matamoros, Victoria, El Mante, Altamira, Ciudad Madero y Tampico.<\/p>\n\n\n\n<p>Puntualiz\u00f3 que esta jornada tiene el prop\u00f3sito principal de promover estilos de vida saludables, la activaci\u00f3n f\u00edsica y el sano esparcimiento entre las y los j\u00f3venes tamaulipecos, fomentando entre ellos espacios de convivencia positivos y alejados de conductas de riesgo.<\/p>\n\n\n\n<p>Mencion\u00f3 adem\u00e1s que en estos encuentros se fortalecen valores fundamentales como el trabajo en equipo, la equidad de g\u00e9nero, la inclusi\u00f3n y el bienestar integral, contribuyendo as\u00ed a la construcci\u00f3n de una sociedad m\u00e1s justa, participativa y en paz.<\/p>\n\n\n\n<p>Destac\u00f3 que, con estas colaboraciones interinstitucionales, el Gobierno Federal y el Gobierno del Estado, bajo el liderazgo del gobernador Am\u00e9rico Villarreal Anaya, cumplen su compromiso con el desarrollo integral de las juventudes, aplicando estrategias que favorecen su formaci\u00f3n, bienestar y participaci\u00f3n activa en entornos seguros y saludables.<\/p>\n","protected":false},"excerpt":{"rendered":"<p>La Secretar\u00eda de Educaci\u00f3n de Tamaulipas (SET), a trav\u00e9s de la Subsecretar\u00eda de Educaci\u00f3n Media Superior y Superior (SEMSYS), promueve la pr\u00e1ctica del deporte y la activaci\u00f3n f\u00edsica en las&hellip; <\/p>\n","protected":false},"author":1,"featured_media":1768,"comment_status":"open","ping_status":"open","sticky":false,"template":"","format":"standard","meta":{"footnotes":""},"categories":[1],"tags":[],"class_list":["post-1767","post","type-post","status-publish","format-standard","has-post-thumbnail","hentry","category-politica"],"_links":{"self":[{"href":"https:\/\/www.extratamaulipas.com\/Home\/wp-json\/wp\/v2\/posts\/1767","targetHints":{"allow":["GET"]}}],"collection":[{"href":"https:\/\/www.extratamaulipas.com\/Home\/wp-json\/wp\/v2\/posts"}],"about":[{"href":"https:\/\/www.extratamaulipas.com\/Home\/wp-json\/wp\/v2\/types\/post"}],"author":[{"embeddable":true,"href":"https:\/\/www.extratamaulipas.com\/Home\/wp-json\/wp\/v2\/users\/1"}],"replies":[{"embeddable":true,"href":"https:\/\/www.extratamaulipas.com\/Home\/wp-json\/wp\/v2\/comments?post=1767"}],"version-history":[{"count":1,"href":"https:\/\/www.extratamaulipas.com\/Home\/wp-json\/wp\/v2\/posts\/1767\/revisions"}],"predecessor-version":[{"id":1769,"href":"https:\/\/www.extratamaulipas.com\/Home\/wp-json\/wp\/v2\/posts\/1767\/revisions\/1769"}],"wp:featuredmedia":[{"embeddable":true,"href":"https:\/\/www.extratamaulipas.com\/Home\/wp-json\/wp\/v2\/media\/1768"}],"wp:attachment":[{"href":"https:\/\/www.extratamaulipas.com\/Home\/wp-json\/wp\/v2\/media?parent=1767"}],"wp:term":[{"taxonomy":"category","embeddable":true,"href":"https:\/\/www.extratamaulipas.com\/Home\/wp-json\/wp\/v2\/categories?post=1767"},{"taxonomy":"post_tag","embeddable":true,"href":"https:\/\/www.extratamaulipas.com\/Home\/wp-json\/wp\/v2\/tags?post=1767"}],"curies":[{"name":"wp","href":"https:\/\/api.w.org\/{rel}","templated":true}]}}