{"id":1761,"date":"2026-04-15T12:57:25","date_gmt":"2026-04-15T18:57:25","guid":{"rendered":"https:\/\/www.extratamaulipas.com\/Home\/?p=1761"},"modified":"2026-04-22T12:58:11","modified_gmt":"2026-04-22T18:58:11","slug":"fortalecen-calidad-educativa-en-cobat-con-modelo-integral","status":"publish","type":"post","link":"https:\/\/www.extratamaulipas.com\/Home\/politica\/fortalecen-calidad-educativa-en-cobat-con-modelo-integral\/","title":{"rendered":"Fortalecen calidad educativa en COBAT con modelo integral"},"content":{"rendered":"\n<p>Con el objetivo de impulsar el Modelo Integral de Intervenci\u00f3n para la Mejora Escolar, el subsecretario de Educaci\u00f3n Media Superior y Superior, Igor Crespo Sol\u00eds, sostuvo una reuni\u00f3n con personal docente y directivo del Colegio de Bachilleres de Tamaulipas (COBAT), plantel Reynosa.<\/p>\n\n\n\n<p>Durante el encuentro, en el que tambi\u00e9n particip\u00f3 el director general del COBAT, V\u00edctor Manuel Gonz\u00e1lez Salum, se abordaron estrategias orientadas a fortalecer los procesos de ense\u00f1anza-aprendizaje, as\u00ed como a mejorar el desempe\u00f1o acad\u00e9mico de las y los estudiantes en este subsistema educativo.<\/p>\n\n\n\n<p>Crespo Sol\u00eds destac\u00f3 la importancia de consolidar un trabajo coordinado entre autoridades educativas y docentes, enfocado en la implementaci\u00f3n de acciones que permitan atender de manera integral las necesidades de las instituciones, promoviendo una educaci\u00f3n de mayor calidad y pertinencia.<\/p>\n\n\n\n<p>Asimismo, reconoci\u00f3 el compromiso del personal docente del COBAT Reynosa, al se\u00f1alar que su labor es fundamental para alcanzar los objetivos planteados en materia educativa y contribuir a la formaci\u00f3n de j\u00f3venes mejor preparados.<\/p>\n\n\n\n<p>Por su parte, V\u00edctor Manuel Gonz\u00e1lez Salum reiter\u00f3 la disposici\u00f3n del organismo para continuar fortaleciendo las estrategias acad\u00e9micas y de acompa\u00f1amiento docente en beneficio de la comunidad estudiantil.<\/p>\n\n\n\n<p>Finalmente, ambas autoridades subrayaron que esta reuni\u00f3n forma parte de las acciones que impulsa el Gobierno del Estado, encabezado por Am\u00e9rico Villarreal Anaya, a trav\u00e9s de la Secretar\u00eda de Educaci\u00f3n de Tamaulipas, que dirige Miguel \u00c1ngel Valdez Garc\u00eda, para consolidar modelos educativos que incidan positivamente en la mejora escolar y el desarrollo integral de las y los estudiantes tamaulipecos.<\/p>\n","protected":false},"excerpt":{"rendered":"<p>Con el objetivo de impulsar el Modelo Integral de Intervenci\u00f3n para la Mejora Escolar, el subsecretario de Educaci\u00f3n Media Superior y Superior, Igor Crespo Sol\u00eds, sostuvo una reuni\u00f3n con personal&hellip; <\/p>\n","protected":false},"author":1,"featured_media":1762,"comment_status":"open","ping_status":"open","sticky":false,"template":"","format":"standard","meta":{"footnotes":""},"categories":[1],"tags":[],"class_list":["post-1761","post","type-post","status-publish","format-standard","has-post-thumbnail","hentry","category-politica"],"_links":{"self":[{"href":"https:\/\/www.extratamaulipas.com\/Home\/wp-json\/wp\/v2\/posts\/1761","targetHints":{"allow":["GET"]}}],"collection":[{"href":"https:\/\/www.extratamaulipas.com\/Home\/wp-json\/wp\/v2\/posts"}],"about":[{"href":"https:\/\/www.extratamaulipas.com\/Home\/wp-json\/wp\/v2\/types\/post"}],"author":[{"embeddable":true,"href":"https:\/\/www.extratamaulipas.com\/Home\/wp-json\/wp\/v2\/users\/1"}],"replies":[{"embeddable":true,"href":"https:\/\/www.extratamaulipas.com\/Home\/wp-json\/wp\/v2\/comments?post=1761"}],"version-history":[{"count":1,"href":"https:\/\/www.extratamaulipas.com\/Home\/wp-json\/wp\/v2\/posts\/1761\/revisions"}],"predecessor-version":[{"id":1763,"href":"https:\/\/www.extratamaulipas.com\/Home\/wp-json\/wp\/v2\/posts\/1761\/revisions\/1763"}],"wp:featuredmedia":[{"embeddable":true,"href":"https:\/\/www.extratamaulipas.com\/Home\/wp-json\/wp\/v2\/media\/1762"}],"wp:attachment":[{"href":"https:\/\/www.extratamaulipas.com\/Home\/wp-json\/wp\/v2\/media?parent=1761"}],"wp:term":[{"taxonomy":"category","embeddable":true,"href":"https:\/\/www.extratamaulipas.com\/Home\/wp-json\/wp\/v2\/categories?post=1761"},{"taxonomy":"post_tag","embeddable":true,"href":"https:\/\/www.extratamaulipas.com\/Home\/wp-json\/wp\/v2\/tags?post=1761"}],"curies":[{"name":"wp","href":"https:\/\/api.w.org\/{rel}","templated":true}]}}