{"id":1758,"date":"2026-04-15T12:55:08","date_gmt":"2026-04-15T18:55:08","guid":{"rendered":"https:\/\/www.extratamaulipas.com\/Home\/?p=1758"},"modified":"2026-04-22T12:56:04","modified_gmt":"2026-04-22T18:56:04","slug":"productores-tamaulipecos-logran-vender-al-100-primera-cosecha-de-ostion","status":"publish","type":"post","link":"https:\/\/www.extratamaulipas.com\/Home\/politica\/productores-tamaulipecos-logran-vender-al-100-primera-cosecha-de-ostion\/","title":{"rendered":"Productores tamaulipecos logran vender al 100% primera cosecha de osti\u00f3n"},"content":{"rendered":"\n<p>La Secretar\u00eda de Desarrollo Rural, Pesca y Acuacultura inform\u00f3 que la primera cosecha de osti\u00f3n producida en granjas ostr\u00edcolas del estado fue comercializada en su totalidad, alcanzando niveles \u00f3ptimos de calidad y aceptaci\u00f3n en su etapa inicial de promoci\u00f3n.<\/p>\n\n\n\n<p>Esta fase de venta se llev\u00f3 a cabo en organismos gubernamentales, donde las y los productores participaron de manera directa en la comercializaci\u00f3n de su producto, obteniendo una respuesta favorable que permiti\u00f3 agotar la cosecha, reflejando la confianza en la calidad del osti\u00f3n tamaulipeco.<\/p>\n\n\n\n<p>Este resultado es producto del trabajo coordinado entre productores y el Gobierno del Estado de Tamaulipas, que ha impulsado el desarrollo de la acuacultura social mediante la implementaci\u00f3n de granjas ostr\u00edcolas. Estas acciones forman parte de una estrategia integral orientada a promover proyectos productivos sustentables con enfoque social, que fortalecen la econom\u00eda local y el bienestar de las comunidades costeras.<\/p>\n\n\n\n<p>El subsecretario de Pesca y Acuacultura, Jorge de Jes\u00fas Montagner Mendoza, inform\u00f3 que el producto proviene de la granja ostr\u00edcola \u201cEl Osti\u00f3n\u201d, ubicada en Barra San Vicente, municipio de Aldama, y es cultivado por la Sociedad Cooperativa \u201cEl Osti\u00f3n\u201d, cumpliendo con est\u00e1ndares de calidad que lo posicionan como una alternativa competitiva en el mercado regional.<\/p>\n\n\n\n<p>Asimismo, reconoci\u00f3 el esfuerzo, la organizaci\u00f3n y la dedicaci\u00f3n de las y los integrantes de la cooperativa, destacando que el trabajo comunitario y el aprovechamiento responsable de los recursos naturales son elementos clave para el desarrollo sostenible del sector.<\/p>\n\n\n\n<p>Finalmente, el Gobierno del Estado, encabezado por Am\u00e9rico Villarreal Anaya, a trav\u00e9s de la Secretar\u00eda de Desarrollo Rural, Pesca y Acuacultura, reiter\u00f3 su compromiso de continuar fortaleciendo al sector pesquero y acu\u00edcola en Tamaulipas, impulsando proyectos que generen oportunidades, eleven la productividad y contribuyan a mejorar la calidad de vida de las familias que dependen de estas actividades.<\/p>\n","protected":false},"excerpt":{"rendered":"<p>La Secretar\u00eda de Desarrollo Rural, Pesca y Acuacultura inform\u00f3 que la primera cosecha de osti\u00f3n producida en granjas ostr\u00edcolas del estado fue comercializada en su totalidad, alcanzando niveles \u00f3ptimos de&hellip; <\/p>\n","protected":false},"author":1,"featured_media":1759,"comment_status":"open","ping_status":"open","sticky":false,"template":"","format":"standard","meta":{"footnotes":""},"categories":[1],"tags":[],"class_list":["post-1758","post","type-post","status-publish","format-standard","has-post-thumbnail","hentry","category-politica"],"_links":{"self":[{"href":"https:\/\/www.extratamaulipas.com\/Home\/wp-json\/wp\/v2\/posts\/1758","targetHints":{"allow":["GET"]}}],"collection":[{"href":"https:\/\/www.extratamaulipas.com\/Home\/wp-json\/wp\/v2\/posts"}],"about":[{"href":"https:\/\/www.extratamaulipas.com\/Home\/wp-json\/wp\/v2\/types\/post"}],"author":[{"embeddable":true,"href":"https:\/\/www.extratamaulipas.com\/Home\/wp-json\/wp\/v2\/users\/1"}],"replies":[{"embeddable":true,"href":"https:\/\/www.extratamaulipas.com\/Home\/wp-json\/wp\/v2\/comments?post=1758"}],"version-history":[{"count":1,"href":"https:\/\/www.extratamaulipas.com\/Home\/wp-json\/wp\/v2\/posts\/1758\/revisions"}],"predecessor-version":[{"id":1760,"href":"https:\/\/www.extratamaulipas.com\/Home\/wp-json\/wp\/v2\/posts\/1758\/revisions\/1760"}],"wp:featuredmedia":[{"embeddable":true,"href":"https:\/\/www.extratamaulipas.com\/Home\/wp-json\/wp\/v2\/media\/1759"}],"wp:attachment":[{"href":"https:\/\/www.extratamaulipas.com\/Home\/wp-json\/wp\/v2\/media?parent=1758"}],"wp:term":[{"taxonomy":"category","embeddable":true,"href":"https:\/\/www.extratamaulipas.com\/Home\/wp-json\/wp\/v2\/categories?post=1758"},{"taxonomy":"post_tag","embeddable":true,"href":"https:\/\/www.extratamaulipas.com\/Home\/wp-json\/wp\/v2\/tags?post=1758"}],"curies":[{"name":"wp","href":"https:\/\/api.w.org\/{rel}","templated":true}]}}