{"id":1755,"date":"2026-04-14T12:53:00","date_gmt":"2026-04-14T18:53:00","guid":{"rendered":"https:\/\/www.extratamaulipas.com\/Home\/?p=1755"},"modified":"2026-04-22T12:53:45","modified_gmt":"2026-04-22T18:53:45","slug":"fortalece-tamaulipas-la-eficiencia-administrativa-y-el-bienestar-laboral-manautou-galvan","status":"publish","type":"post","link":"https:\/\/www.extratamaulipas.com\/Home\/politica\/fortalece-tamaulipas-la-eficiencia-administrativa-y-el-bienestar-laboral-manautou-galvan\/","title":{"rendered":"Fortalece Tamaulipas la eficiencia administrativa y el bienestar laboral: Manautou Galv\u00e1n"},"content":{"rendered":"\n<p>Con acciones orientadas a fortalecer la eficiencia institucional, la transparencia y el bienestar de las y los servidores p\u00fablicos, Luisa Eugenia Manautou Galv\u00e1n, secretaria de Administraci\u00f3n, compareci\u00f3 ante la Comisi\u00f3n de Administraci\u00f3n del H. Congreso del Estado, donde present\u00f3 los avances y resultados de la dependencia a su cargo, en el marco del cuarto informe del gobernador, Am\u00e9rico Villarreal Anaya.<\/p>\n\n\n\n<p>Durante su intervenci\u00f3n ante el diputado Alberto Moctezuma Castillo, presidente de la Comisi\u00f3n de Administraci\u00f3n y las y los diputados que la integran, destac\u00f3 que la Secretar\u00eda de Administraci\u00f3n ha consolidado acciones enfocadas en el fortalecimiento del capital humano, la modernizaci\u00f3n de los procesos administrativos y el uso responsable de los<br>recursos p\u00fablicos, alineadas con la visi\u00f3n del Gobierno de Tamaulipas de ofrecer mejores servicios a la ciudadan\u00eda.<\/p>\n\n\n\n<p>Indic\u00f3 que en materia de recursos humanos, se impulsaron acciones orientadas al fortalecimiento del desarrollo integral y bienestar de las y los servidores p\u00fablicos, mediante apoyos educativos para ellos y sus familias (becas), as\u00ed como la entrega de incentivos que reconocen su esfuerzo y contribuyen a mejorar sus condiciones laborales.<\/p>\n\n\n\n<p>De igual manera, se otorg\u00f3 el Premio Estatal de Antig\u00fcedad a 1,417 servidores p\u00fablicos, como un reconocimiento a la trayectoria, dedicaci\u00f3n y compromiso de quienes han servido al Estado a lo largo de los a\u00f1os.<\/p>\n\n\n\n<p>Para 2026, y en cumplimiento del compromiso del gobernador Am\u00e9rico Villarreal Anaya, se autoriz\u00f3 un incremento salarial orientado a dignificar el servicio p\u00fablico y a reducir brechas en las condiciones laborales, particularmente de quienes perciben menores ingresos, contribuyendo as\u00ed a una mayor equidad dentro de la funci\u00f3n p\u00fablica.<\/p>\n\n\n\n<p>En cuanto al Instituto de Previsi\u00f3n y Seguridad Social del Estado de Tamaulipas (IPSSET), destac\u00f3 el otorgamiento de 1,020 nuevas pensiones, alcanzando un padr\u00f3n superior a 11 mil pensionistas, as\u00ed como la entrega de 13,574 cr\u00e9ditos por un monto cercano a los 888 millones de pesos.<\/p>\n\n\n\n<p>Tambi\u00e9n resalt\u00f3 la reforma a la Ley del IPSSET, que garantiza la viabilidad del sistema de pensiones hasta el a\u00f1o 2051, fortaleciendo la seguridad social de las y los servidores p\u00fablicos.<\/p>\n","protected":false},"excerpt":{"rendered":"<p>Con acciones orientadas a fortalecer la eficiencia institucional, la transparencia y el bienestar de las y los servidores p\u00fablicos, Luisa Eugenia Manautou Galv\u00e1n, secretaria de Administraci\u00f3n, compareci\u00f3 ante la Comisi\u00f3n&hellip; <\/p>\n","protected":false},"author":1,"featured_media":1756,"comment_status":"open","ping_status":"open","sticky":false,"template":"","format":"standard","meta":{"footnotes":""},"categories":[1],"tags":[],"class_list":["post-1755","post","type-post","status-publish","format-standard","has-post-thumbnail","hentry","category-politica"],"_links":{"self":[{"href":"https:\/\/www.extratamaulipas.com\/Home\/wp-json\/wp\/v2\/posts\/1755","targetHints":{"allow":["GET"]}}],"collection":[{"href":"https:\/\/www.extratamaulipas.com\/Home\/wp-json\/wp\/v2\/posts"}],"about":[{"href":"https:\/\/www.extratamaulipas.com\/Home\/wp-json\/wp\/v2\/types\/post"}],"author":[{"embeddable":true,"href":"https:\/\/www.extratamaulipas.com\/Home\/wp-json\/wp\/v2\/users\/1"}],"replies":[{"embeddable":true,"href":"https:\/\/www.extratamaulipas.com\/Home\/wp-json\/wp\/v2\/comments?post=1755"}],"version-history":[{"count":1,"href":"https:\/\/www.extratamaulipas.com\/Home\/wp-json\/wp\/v2\/posts\/1755\/revisions"}],"predecessor-version":[{"id":1757,"href":"https:\/\/www.extratamaulipas.com\/Home\/wp-json\/wp\/v2\/posts\/1755\/revisions\/1757"}],"wp:featuredmedia":[{"embeddable":true,"href":"https:\/\/www.extratamaulipas.com\/Home\/wp-json\/wp\/v2\/media\/1756"}],"wp:attachment":[{"href":"https:\/\/www.extratamaulipas.com\/Home\/wp-json\/wp\/v2\/media?parent=1755"}],"wp:term":[{"taxonomy":"category","embeddable":true,"href":"https:\/\/www.extratamaulipas.com\/Home\/wp-json\/wp\/v2\/categories?post=1755"},{"taxonomy":"post_tag","embeddable":true,"href":"https:\/\/www.extratamaulipas.com\/Home\/wp-json\/wp\/v2\/tags?post=1755"}],"curies":[{"name":"wp","href":"https:\/\/api.w.org\/{rel}","templated":true}]}}