{"id":1743,"date":"2026-04-13T12:41:21","date_gmt":"2026-04-13T18:41:21","guid":{"rendered":"https:\/\/www.extratamaulipas.com\/Home\/?p=1743"},"modified":"2026-04-22T12:42:08","modified_gmt":"2026-04-22T18:42:08","slug":"anuncia-gobierno-de-americo-ultima-etapa-de-construccion-en-la-ciudad-judicial","status":"publish","type":"post","link":"https:\/\/www.extratamaulipas.com\/Home\/politica\/anuncia-gobierno-de-americo-ultima-etapa-de-construccion-en-la-ciudad-judicial\/","title":{"rendered":"Anuncia gobierno de Am\u00e9rico \u00faltima etapa de construcci\u00f3n en la Ciudad Judicial"},"content":{"rendered":"\n<p>Una inversi\u00f3n de 125 millones de pesos para la \u00faltima etapa de construcci\u00f3n de la Ciudad Judicial, fue confirmada por el gobernador Am\u00e9rico Villarreal Anaya, durante la ceremonia de honores a los s\u00edmbolos patrios, celebrada en la explanada del Supremo Tribunal de Justicia.<\/p>\n\n\n\n<p>As\u00ed lo se\u00f1al\u00f3&nbsp; el secretario de Obras P\u00fablicas, Pedro Cepeda Anaya, quien inform\u00f3 que esta fase final se desarrollar\u00e1 mediante dos contratos: obra civil complementaria y obra mec\u00e1nica el\u00e9ctrica, con los cuales se concluir\u00e1n los espacios del complejo.<\/p>\n\n\n\n<p>Detall\u00f3 que el edificio cuenta con 6,300 metros cuadrados de construcci\u00f3n en dos niveles y 290 metros cuadrados destinados a una cafeter\u00eda. En la planta baja se ubicar\u00e1n juzgados familiares, patios centrales, c\u00e1maras Gesell y \u00e1reas administrativas; mientras que en la planta alta habr\u00e1 juzgados de menores y familiares, salas de audiencia, as\u00ed como espacios para justicia y atenci\u00f3n a adolescentes, adem\u00e1s de mecanismos alternativos de soluci\u00f3n de conflictos.<\/p>\n\n\n\n<p>Asimismo, explic\u00f3 que, como parte de las obras complementarias, se contempla la cafeter\u00eda, la cual contar\u00e1 con \u00e1reas de preparaci\u00f3n y servicio, sanitarios y capacidad para 96 personas.<\/p>\n\n\n\n<p>En este sentido, dijo, el Gobierno del Estado refrenda su compromiso de consolidar un sistema judicial moderno, eficiente y cercano a la ciudadan\u00eda, mediante el impulso de proyectos que garanticen espacios dignos para la impartici\u00f3n y procuraci\u00f3n de justicia.<\/p>\n","protected":false},"excerpt":{"rendered":"<p>Una inversi\u00f3n de 125 millones de pesos para la \u00faltima etapa de construcci\u00f3n de la Ciudad Judicial, fue confirmada por el gobernador Am\u00e9rico Villarreal Anaya, durante la ceremonia de honores&hellip; <\/p>\n","protected":false},"author":1,"featured_media":1744,"comment_status":"open","ping_status":"open","sticky":false,"template":"","format":"standard","meta":{"footnotes":""},"categories":[1],"tags":[],"class_list":["post-1743","post","type-post","status-publish","format-standard","has-post-thumbnail","hentry","category-politica"],"_links":{"self":[{"href":"https:\/\/www.extratamaulipas.com\/Home\/wp-json\/wp\/v2\/posts\/1743","targetHints":{"allow":["GET"]}}],"collection":[{"href":"https:\/\/www.extratamaulipas.com\/Home\/wp-json\/wp\/v2\/posts"}],"about":[{"href":"https:\/\/www.extratamaulipas.com\/Home\/wp-json\/wp\/v2\/types\/post"}],"author":[{"embeddable":true,"href":"https:\/\/www.extratamaulipas.com\/Home\/wp-json\/wp\/v2\/users\/1"}],"replies":[{"embeddable":true,"href":"https:\/\/www.extratamaulipas.com\/Home\/wp-json\/wp\/v2\/comments?post=1743"}],"version-history":[{"count":1,"href":"https:\/\/www.extratamaulipas.com\/Home\/wp-json\/wp\/v2\/posts\/1743\/revisions"}],"predecessor-version":[{"id":1745,"href":"https:\/\/www.extratamaulipas.com\/Home\/wp-json\/wp\/v2\/posts\/1743\/revisions\/1745"}],"wp:featuredmedia":[{"embeddable":true,"href":"https:\/\/www.extratamaulipas.com\/Home\/wp-json\/wp\/v2\/media\/1744"}],"wp:attachment":[{"href":"https:\/\/www.extratamaulipas.com\/Home\/wp-json\/wp\/v2\/media?parent=1743"}],"wp:term":[{"taxonomy":"category","embeddable":true,"href":"https:\/\/www.extratamaulipas.com\/Home\/wp-json\/wp\/v2\/categories?post=1743"},{"taxonomy":"post_tag","embeddable":true,"href":"https:\/\/www.extratamaulipas.com\/Home\/wp-json\/wp\/v2\/tags?post=1743"}],"curies":[{"name":"wp","href":"https:\/\/api.w.org\/{rel}","templated":true}]}}